{"id":1281,"date":"2019-02-10T15:02:03","date_gmt":"2019-02-10T14:02:03","guid":{"rendered":"https:\/\/www.geckon.sk\/?p=1281"},"modified":"2019-02-10T15:22:09","modified_gmt":"2019-02-10T14:22:09","slug":"zakladny-lezecky-kurz-danka-slavo","status":"publish","type":"post","link":"https:\/\/www.geckon.sk\/en\/zakladny-lezecky-kurz-danka-slavo\/","title":{"rendered":"Rozhovor s Dankou a Slavom &#8211; z\u00e1kladn\u00fd lezeck\u00fd kurz"},"content":{"rendered":"<p style=\"text-indent: 30px; text-align: justify;\">Ke\u010f\u017ee samochv\u00e1la smrd\u00ed, ale dobr\u00fd pocit z ned\u00e1vneho kurzu sme chceli s vami pozdiela\u0165, rozhodli sme sa tentokr\u00e1t vyspoveda\u0165 priamo na\u0161ich kurzistov, Danku a Slava, ktor\u00ed sa rozhodli pre Z\u00e1kladn\u00fd kurz lezenia. Za ich \u010das, ochotu a mil\u00e9 slov\u00e1 \u010fakujeme a ver\u00edme, \u017ee sa stan\u00fa in\u0161pir\u00e1ciou aj pre \u010fal\u0161\u00edch, nateraz e\u0161te v\u00e1haj\u00facich, bud\u00facich lezcov.<\/p>\n<p style=\"text-align: justify;\"><strong>Z\u00e1kladn\u00fd kurz lezenia si Slavo na\u0161iel pod strom\u010dekom. Bolo to nie\u010do, o \u010do si nap\u00edsal v liste Je\u017ei\u0161kovi, alebo ako vznikla my\u0161lienka na lezenie?<\/strong><br \/>\n<strong>Danka:<\/strong> <em>Re\u00e1lne sme nad lezen\u00edm za\u010dali rozm\u00fd\u0161\u013ea\u0165 po rozhovore s na\u0161ou kamar\u00e1tkou, ktor\u00e1 si to u\u017e zop\u00e1r kr\u00e1t sk\u00fasila a bola z toho nad\u0161en\u00e1. Vtedy sme si za\u010dali googli\u0165, ak\u00e9 s\u00fa mo\u017enosti v Ko\u0161iciach, kde sa d\u00e1 liez\u0165, ko\u013eko to cca stoj\u00ed&#8230; Av\u0161ak nemali sme odvahu \u00eds\u0165 do toho len tak, na ostro, bez in\u0161trukt\u00e1\u017ee. Pozerali sme si kurzy no nevedeli sme sa \u201edokopa\u0165\u201c k nie\u010domu konkr\u00e9tnemu. Dlho to takto stagnovalo, a\u017e sa bl\u00ed\u017eili Vianoce a ja som dostala skvel\u00fd n\u00e1pad&#8230;<\/em><\/p>\n<p><strong>Ak\u00e1 bola prv\u00e1, spont\u00e1nna reakcia po rozbalen\u00ed dar\u010deka?<\/strong><br \/>\n<strong>Danka a Slavo:<\/strong> <em>Ja som to vedel \ud83d\ude00 (dlho som ho na\u0165ahovala s t\u00fdm, \u017ee som vmyslela super dar\u010dek a \u017ee sa mus\u00ed pochlapi\u0165 s dar\u010dekom pre m\u0148a, aby sa nemusel hanbi\u0165).<\/em><\/p>\n<p><strong>S ak\u00fdmi o\u010dak\u00e1vaniami ste na kurz i\u0161li? Boli splnen\u00e9?<\/strong><br \/>\n<strong>Danka a Slavo:<\/strong> <em>O\u010dak\u00e1vali sme, \u017ee si sk\u00fasime lezenie, a \u017ee budeme vedie\u0165 ako to robi\u0165 bezpe\u010dne, \u010do m\u00e1 obsahova\u0165 v\u00fdstroj. \u010co sa t\u00fdka ich splnenia, boli prekonan\u00e9. Kurz bol omnoho komplexnej\u0161\u00ed ako sme si predstavovali a stali sa z n\u00e1s samostatn\u00ed lezci s kopou zauj\u00edmav\u00fdch a u\u017eito\u010dn\u00fdch inform\u00e1ci\u00ed v z\u00e1lohe.<\/em><\/p>\n<p style=\"text-align: center;\"><img loading=\"lazy\" class=\"alignnone wp-image-1286\" src=\"https:\/\/www.geckon.sk\/wp-content\/uploads\/2019\/02\/DSC_0307-225x300.jpg\" alt=\"\" width=\"316\" height=\"421\" srcset=\"https:\/\/www.geckon.sk\/wp-content\/uploads\/2019\/02\/DSC_0307-225x300.jpg 225w, https:\/\/www.geckon.sk\/wp-content\/uploads\/2019\/02\/DSC_0307-600x800.jpg 600w, https:\/\/www.geckon.sk\/wp-content\/uploads\/2019\/02\/DSC_0307.jpg 768w, https:\/\/www.geckon.sk\/wp-content\/uploads\/2019\/02\/DSC_0307-636x848.jpg 636w, https:\/\/www.geckon.sk\/wp-content\/uploads\/2019\/02\/DSC_0307-320x427.jpg 320w, https:\/\/www.geckon.sk\/wp-content\/uploads\/2019\/02\/DSC_0307-239x319.jpg 239w\" sizes=\"(max-width: 316px) 100vw, 316px\" \/> <img loading=\"lazy\" class=\"alignnone wp-image-1288\" src=\"https:\/\/www.geckon.sk\/wp-content\/uploads\/2019\/02\/DSC_0311-225x300.jpg\" alt=\"\" width=\"316\" height=\"421\" srcset=\"https:\/\/www.geckon.sk\/wp-content\/uploads\/2019\/02\/DSC_0311-225x300.jpg 225w, https:\/\/www.geckon.sk\/wp-content\/uploads\/2019\/02\/DSC_0311-600x800.jpg 600w, https:\/\/www.geckon.sk\/wp-content\/uploads\/2019\/02\/DSC_0311.jpg 768w, https:\/\/www.geckon.sk\/wp-content\/uploads\/2019\/02\/DSC_0311-636x848.jpg 636w, https:\/\/www.geckon.sk\/wp-content\/uploads\/2019\/02\/DSC_0311-320x427.jpg 320w, https:\/\/www.geckon.sk\/wp-content\/uploads\/2019\/02\/DSC_0311-239x319.jpg 239w\" sizes=\"(max-width: 316px) 100vw, 316px\" \/><\/p>\n<p><strong>Pl\u00e1nujete v lezen\u00ed pokra\u010dova\u0165 aj na\u010falej? Okrem lezenia na umelej stene, ke\u010f sa otepl\u00ed, v okol\u00ed Ko\u0161\u00edc m\u00e1me mnoho skaliek&#8230;<\/strong><br \/>\n<strong>Danka a Slavo:<\/strong> <em>Ur\u010dite pl\u00e1nujeme. Na z\u00e1klade r\u00e1d na kurze sme si zak\u00fapili v\u00fdstroj a za\u010d\u00edname tr\u00e9nova\u0165 aj na nejak\u00e9 tie skalky, ale to je v na\u0161om pr\u00edpade e\u0161te ot\u00e1zka odvahy a \u010dasu. Ktovie mo\u017eno \u010fal\u0161ie Vianoce nap\u00ed\u0161eme Je\u017ei\u0161kovi o kurze lezenia na skale&#8230;<\/em><\/p>\n<p><strong>Z na\u0161ej strany pochopite\u013ene pozn\u00e1me postup vybavovania dar\u010dekov\u00fdch preukazov, ale pre potenci\u00e1lnych z\u00e1ujemcov, ako to cel\u00e9 prebehlo? \u010co pr\u00edstup samotn\u00e9ho klubu?<\/strong><br \/>\n<strong>Danka a Slavo:<\/strong> <em>Na internete som si prezrela mo\u017enosti. Po ve\u013emi r\u00fdchlom rozhodnut\u00ed som nap\u00edsala mail a pri\u0161la mi bleskov\u00e1 odpove\u010f. A vlastne takto to prebiehalo st\u00e1le. Na ka\u017ed\u00fd m\u00f4j mail pri\u0161la odpove\u010f r\u00fdchlo, tak\u017ee sa nem\u00f4\u017eem s\u0165a\u017eova\u0165. Pre dar\u010dekov\u00e9 pouk\u00e1\u017eky som si mohla pr\u00eds\u0165 osobne alebo bolo mo\u017en\u00e9 ich odosla\u0165 aj po\u0161tou. V\u017edy som ku v\u0161etk\u00e9mu dostala podrobn\u00e9 in\u0161trukcie, tak\u017ee len smelo do toho.<\/em><\/p>\n<p><strong>M\u00e1te nie\u010do na srdci, \u010do by ste chceli na z\u00e1ver doda\u0165?<\/strong><br \/>\n<strong>Danka a Slavo:<\/strong> <em>Ur\u010dite sa chcem po\u010fakova\u0165 za n\u00e1s oboch, za skvel\u00fd z\u00e1\u017eitok a skvele str\u00e1ven\u00fd \u010das. Bol to pre n\u00e1s ve\u013emi dobr\u00fd odrazov\u00fd most\u00edk pre samostatn\u00e9 lezenie na stene a prajeme v\u00e1m e\u0161te mnoho \u010fal\u0161\u00edch tak nad\u0161en\u00fdch lezcov ako sme boli my.<\/em><\/p>\n<p style=\"text-align: center;\"><img loading=\"lazy\" class=\"alignnone wp-image-1292\" src=\"https:\/\/www.geckon.sk\/wp-content\/uploads\/2019\/02\/DSC_0315-169x300.jpg\" alt=\"\" width=\"209\" height=\"371\" srcset=\"https:\/\/www.geckon.sk\/wp-content\/uploads\/2019\/02\/DSC_0315-169x300.jpg 169w, https:\/\/www.geckon.sk\/wp-content\/uploads\/2019\/02\/DSC_0315-320x569.jpg 320w, https:\/\/www.geckon.sk\/wp-content\/uploads\/2019\/02\/DSC_0315-239x425.jpg 239w, https:\/\/www.geckon.sk\/wp-content\/uploads\/2019\/02\/DSC_0315.jpg 576w\" sizes=\"(max-width: 209px) 100vw, 209px\" \/> <img loading=\"lazy\" class=\"alignnone wp-image-1294\" src=\"https:\/\/www.geckon.sk\/wp-content\/uploads\/2019\/02\/DSC_0318-169x300.jpg\" alt=\"\" width=\"209\" height=\"371\" srcset=\"https:\/\/www.geckon.sk\/wp-content\/uploads\/2019\/02\/DSC_0318-169x300.jpg 169w, https:\/\/www.geckon.sk\/wp-content\/uploads\/2019\/02\/DSC_0318-320x569.jpg 320w, https:\/\/www.geckon.sk\/wp-content\/uploads\/2019\/02\/DSC_0318-239x425.jpg 239w, https:\/\/www.geckon.sk\/wp-content\/uploads\/2019\/02\/DSC_0318.jpg 576w\" sizes=\"(max-width: 209px) 100vw, 209px\" \/> <img loading=\"lazy\" class=\"alignnone wp-image-1298\" src=\"https:\/\/www.geckon.sk\/wp-content\/uploads\/2019\/02\/DSC_0326-169x300.jpg\" alt=\"\" width=\"209\" height=\"371\" srcset=\"https:\/\/www.geckon.sk\/wp-content\/uploads\/2019\/02\/DSC_0326-169x300.jpg 169w, https:\/\/www.geckon.sk\/wp-content\/uploads\/2019\/02\/DSC_0326-320x569.jpg 320w, https:\/\/www.geckon.sk\/wp-content\/uploads\/2019\/02\/DSC_0326-239x425.jpg 239w, https:\/\/www.geckon.sk\/wp-content\/uploads\/2019\/02\/DSC_0326.jpg 576w\" sizes=\"(max-width: 209px) 100vw, 209px\" \/><\/p>\n","protected":false},"excerpt":{"rendered":"<p>Ke\u010f\u017ee samochv\u00e1la smrd\u00ed, ale dobr\u00fd pocit z ned\u00e1vneho kurzu sme chceli s vami pozdiela\u0165, rozhodli sme sa tentokr\u00e1t vyspoveda\u0165 priamo na\u0161ich kurzistov, Danku a Slava, ktor\u00ed sa rozhodli pre Z\u00e1kladn\u00fd kurz lezenia. Za ich \u010das, ochotu a mil\u00e9 slov\u00e1 \u010fakujeme a ver\u00edme, \u017ee sa stan\u00fa in\u0161pir\u00e1ciou aj pre \u010fal\u0161\u00edch, nateraz e\u0161te v\u00e1haj\u00facich, bud\u00facich lezcov. Z\u00e1kladn\u00fd [&hellip;]<\/p>\n","protected":false},"author":1,"featured_media":1290,"comment_status":"closed","ping_status":"closed","sticky":false,"template":"","format":"standard","meta":{"spay_email":""},"categories":[15],"tags":[],"yoast_head":"<!-- This site is optimized with the Yoast SEO Premium plugin v16.1.1 - https:\/\/yoast.com\/wordpress\/plugins\/seo\/ -->\n<title>Rozhovor s Dankou a Slavom - z\u00e1kladn\u00fd lezeck\u00fd kurz - Geckon klub Ko\u0161ice<\/title>\n<link rel=\"canonical\" href=\"https:\/\/www.geckon.sk\/en\/zakladny-lezecky-kurz-danka-slavo\/\" \/>\n<meta property=\"og:locale\" content=\"en_US\" \/>\n<meta property=\"og:type\" content=\"article\" \/>\n<meta property=\"og:title\" content=\"Rozhovor s Dankou a Slavom - z\u00e1kladn\u00fd lezeck\u00fd kurz - Geckon klub Ko\u0161ice\" \/>\n<meta property=\"og:description\" content=\"Ke\u010f\u017ee samochv\u00e1la smrd\u00ed, ale dobr\u00fd pocit z ned\u00e1vneho kurzu sme chceli s vami pozdiela\u0165, rozhodli sme sa tentokr\u00e1t vyspoveda\u0165 priamo na\u0161ich kurzistov, Danku a Slava, ktor\u00ed sa rozhodli pre Z\u00e1kladn\u00fd kurz lezenia. Za ich \u010das, ochotu a mil\u00e9 slov\u00e1 \u010fakujeme a ver\u00edme, \u017ee sa stan\u00fa in\u0161pir\u00e1ciou aj pre \u010fal\u0161\u00edch, nateraz e\u0161te v\u00e1haj\u00facich, bud\u00facich lezcov. Z\u00e1kladn\u00fd [&hellip;]\" \/>\n<meta property=\"og:url\" content=\"https:\/\/www.geckon.sk\/zakladny-lezecky-kurz-danka-slavo\/\" \/>\n<meta property=\"og:site_name\" content=\"Geckon klub Ko\u0161ice\" \/>\n<meta property=\"article:publisher\" content=\"https:\/\/www.facebook.com\/geckonklub\/\" \/>\n<meta property=\"article:published_time\" content=\"2019-02-10T14:02:03+00:00\" \/>\n<meta property=\"article:modified_time\" content=\"2019-02-10T14:22:09+00:00\" \/>\n<meta property=\"og:image\" content=\"https:\/\/www.geckon.sk\/wp-content\/uploads\/2019\/02\/DSC_0314.jpg\" \/>\n\t<meta property=\"og:image:width\" content=\"1024\" \/>\n\t<meta property=\"og:image:height\" content=\"576\" \/>\n<meta name=\"twitter:card\" content=\"summary\" \/>\n<meta name=\"twitter:creator\" content=\"@geckonklub\" \/>\n<meta name=\"twitter:site\" content=\"@geckonklub\" \/>\n<meta name=\"twitter:label1\" content=\"Est. reading time\">\n\t<meta name=\"twitter:data1\" content=\"3 minutes\">\n<script type=\"application\/ld+json\" class=\"yoast-schema-graph\">{\"@context\":\"https:\/\/schema.org\",\"@graph\":[{\"@type\":\"WebSite\",\"@id\":\"https:\/\/www.geckon.sk\/#website\",\"url\":\"https:\/\/www.geckon.sk\/\",\"name\":\"Geckon klub Ko\\u0161ice\",\"description\":\"\",\"potentialAction\":[{\"@type\":\"SearchAction\",\"target\":\"https:\/\/www.geckon.sk\/?s={search_term_string}\",\"query-input\":\"required name=search_term_string\"}],\"inLanguage\":\"en-US\"},{\"@type\":\"ImageObject\",\"@id\":\"https:\/\/www.geckon.sk\/zakladny-lezecky-kurz-danka-slavo\/#primaryimage\",\"inLanguage\":\"en-US\",\"url\":\"https:\/\/www.geckon.sk\/wp-content\/uploads\/2019\/02\/DSC_0314.jpg\",\"contentUrl\":\"https:\/\/www.geckon.sk\/wp-content\/uploads\/2019\/02\/DSC_0314.jpg\",\"width\":1024,\"height\":576},{\"@type\":\"WebPage\",\"@id\":\"https:\/\/www.geckon.sk\/zakladny-lezecky-kurz-danka-slavo\/#webpage\",\"url\":\"https:\/\/www.geckon.sk\/zakladny-lezecky-kurz-danka-slavo\/\",\"name\":\"Rozhovor s Dankou a Slavom - z\\u00e1kladn\\u00fd lezeck\\u00fd kurz - Geckon klub Ko\\u0161ice\",\"isPartOf\":{\"@id\":\"https:\/\/www.geckon.sk\/#website\"},\"primaryImageOfPage\":{\"@id\":\"https:\/\/www.geckon.sk\/zakladny-lezecky-kurz-danka-slavo\/#primaryimage\"},\"datePublished\":\"2019-02-10T14:02:03+00:00\",\"dateModified\":\"2019-02-10T14:22:09+00:00\",\"author\":{\"@id\":\"https:\/\/www.geckon.sk\/#\/schema\/person\/3994e153793c881e67ab3d5a5a78f888\"},\"breadcrumb\":{\"@id\":\"https:\/\/www.geckon.sk\/zakladny-lezecky-kurz-danka-slavo\/#breadcrumb\"},\"inLanguage\":\"en-US\",\"potentialAction\":[{\"@type\":\"ReadAction\",\"target\":[\"https:\/\/www.geckon.sk\/zakladny-lezecky-kurz-danka-slavo\/\"]}]},{\"@type\":\"BreadcrumbList\",\"@id\":\"https:\/\/www.geckon.sk\/zakladny-lezecky-kurz-danka-slavo\/#breadcrumb\",\"itemListElement\":[{\"@type\":\"ListItem\",\"position\":1,\"item\":{\"@type\":\"WebPage\",\"@id\":\"https:\/\/www.geckon.sk\/en\/\",\"url\":\"https:\/\/www.geckon.sk\/en\/\",\"name\":\"Domovsk\\u00e1 str\\u00e1nka\"}},{\"@type\":\"ListItem\",\"position\":2,\"item\":{\"@type\":\"WebPage\",\"@id\":\"https:\/\/www.geckon.sk\/zakladny-lezecky-kurz-danka-slavo\/\",\"url\":\"https:\/\/www.geckon.sk\/zakladny-lezecky-kurz-danka-slavo\/\",\"name\":\"Rozhovor s Dankou a Slavom &#8211; z\\u00e1kladn\\u00fd lezeck\\u00fd kurz\"}}]},{\"@type\":\"Person\",\"@id\":\"https:\/\/www.geckon.sk\/#\/schema\/person\/3994e153793c881e67ab3d5a5a78f888\",\"name\":\"RadkoBartko\",\"image\":{\"@type\":\"ImageObject\",\"@id\":\"https:\/\/www.geckon.sk\/#personlogo\",\"inLanguage\":\"en-US\",\"url\":\"https:\/\/secure.gravatar.com\/avatar\/02fda8d17e7cdeded32155de01b6a70e?s=96&d=mm&r=g\",\"contentUrl\":\"https:\/\/secure.gravatar.com\/avatar\/02fda8d17e7cdeded32155de01b6a70e?s=96&d=mm&r=g\",\"caption\":\"RadkoBartko\"}}]}<\/script>\n<!-- \/ Yoast SEO Premium plugin. -->","jetpack_featured_media_url":"https:\/\/www.geckon.sk\/wp-content\/uploads\/2019\/02\/DSC_0314.jpg","jetpack_shortlink":"https:\/\/wp.me\/pajNbF-kF","_links":{"self":[{"href":"https:\/\/www.geckon.sk\/en\/wp-json\/wp\/v2\/posts\/1281"}],"collection":[{"href":"https:\/\/www.geckon.sk\/en\/wp-json\/wp\/v2\/posts"}],"about":[{"href":"https:\/\/www.geckon.sk\/en\/wp-json\/wp\/v2\/types\/post"}],"author":[{"embeddable":true,"href":"https:\/\/www.geckon.sk\/en\/wp-json\/wp\/v2\/users\/1"}],"replies":[{"embeddable":true,"href":"https:\/\/www.geckon.sk\/en\/wp-json\/wp\/v2\/comments?post=1281"}],"version-history":[{"count":12,"href":"https:\/\/www.geckon.sk\/en\/wp-json\/wp\/v2\/posts\/1281\/revisions"}],"predecessor-version":[{"id":1307,"href":"https:\/\/www.geckon.sk\/en\/wp-json\/wp\/v2\/posts\/1281\/revisions\/1307"}],"wp:featuredmedia":[{"embeddable":true,"href":"https:\/\/www.geckon.sk\/en\/wp-json\/wp\/v2\/media\/1290"}],"wp:attachment":[{"href":"https:\/\/www.geckon.sk\/en\/wp-json\/wp\/v2\/media?parent=1281"}],"wp:term":[{"taxonomy":"category","embeddable":true,"href":"https:\/\/www.geckon.sk\/en\/wp-json\/wp\/v2\/categories?post=1281"},{"taxonomy":"post_tag","embeddable":true,"href":"https:\/\/www.geckon.sk\/en\/wp-json\/wp\/v2\/tags?post=1281"}],"curies":[{"name":"wp","href":"https:\/\/api.w.org\/{rel}","templated":true}]}}